{"id":409,"date":"2024-10-27T16:03:33","date_gmt":"2024-10-27T16:03:33","guid":{"rendered":"https:\/\/drhugobastos.com\/?p=409"},"modified":"2024-10-27T16:21:05","modified_gmt":"2024-10-27T16:21:05","slug":"tumores-cerebrales","status":"publish","type":"post","link":"https:\/\/drhugobastos.com\/index.php\/2024\/10\/27\/tumores-cerebrales\/","title":{"rendered":"TUMORES CEREBRALES"},"content":{"rendered":"<p><div class=\"fusion-fullwidth fullwidth-box fusion-builder-row-1 fusion-flex-container nonhundred-percent-fullwidth non-hundred-percent-height-scrolling\" style=\"--awb-border-radius-top-left:0px;--awb-border-radius-top-right:0px;--awb-border-radius-bottom-right:0px;--awb-border-radius-bottom-left:0px;--awb-flex-wrap:wrap;\" ><div class=\"fusion-builder-row fusion-row fusion-flex-align-items-flex-start fusion-flex-content-wrap\" style=\"max-width:1248px;margin-left: calc(-4% \/ 2 );margin-right: calc(-4% \/ 2 );\"><div class=\"fusion-layout-column fusion_builder_column fusion-builder-column-0 fusion_builder_column_1_1 1_1 fusion-flex-column\" style=\"--awb-bg-size:cover;--awb-width-large:100%;--awb-margin-top-large:0px;--awb-spacing-right-large:1.92%;--awb-margin-bottom-large:65px;--awb-spacing-left-large:1.92%;--awb-width-medium:100%;--awb-order-medium:0;--awb-spacing-right-medium:1.92%;--awb-spacing-left-medium:1.92%;--awb-width-small:100%;--awb-order-small:0;--awb-spacing-right-small:1.92%;--awb-margin-bottom-small:35px;--awb-spacing-left-small:1.92%;\"><div class=\"fusion-column-wrapper fusion-column-has-shadow fusion-flex-justify-content-flex-start fusion-content-layout-column\"><div class=\"fusion-text fusion-text-1\"><p class=\"p1\">Como cualquier \u00f3rgano del cuerpo, el cerebro puede ser afectado por una gran variedad de<span class=\"Apple-converted-space\">\u00a0 <\/span>tumores; cada tipo de tumor es una enfermedad diferente con caracter\u00edsticas propias que hace que los<span class=\"Apple-converted-space\">\u00a0 <\/span>s\u00edntomas var\u00eden de paciente a paciente al igual que su forma de tratamiento y pron\u00f3stico.<span class=\"Apple-converted-space\">\u00a0<\/span><\/p>\n<\/div><div class=\"accordian fusion-accordian\" style=\"--awb-border-size:1px;--awb-icon-size:16px;--awb-content-font-size:var(--awb-typography4-font-size);--awb-icon-alignment:left;--awb-hover-color:var(--awb-color2);--awb-border-color:var(--awb-color3);--awb-background-color:var(--awb-color1);--awb-divider-color:var(--awb-color3);--awb-divider-hover-color:var(--awb-color3);--awb-icon-color:var(--awb-color1);--awb-title-color:var(--awb-color8);--awb-content-color:var(--awb-color8);--awb-icon-box-color:var(--awb-color8);--awb-toggle-hover-accent-color:var(--awb-color5);--awb-title-font-family:var(--awb-typography1-font-family);--awb-title-font-weight:var(--awb-typography1-font-weight);--awb-title-font-style:var(--awb-typography1-font-style);--awb-title-font-size:16px;--awb-content-font-family:var(--awb-typography4-font-family);--awb-content-font-weight:var(--awb-typography4-font-weight);--awb-content-font-style:var(--awb-typography4-font-style);\"><div class=\"panel-group fusion-toggle-icon-boxed\" id=\"accordion-409-1\"><div class=\"fusion-panel panel-default panel-6eb4b6d6fe2981bfb fusion-toggle-has-divider\" style=\"--awb-title-color:var(--awb-color8);\"><div class=\"panel-heading\"><h4 class=\"panel-title toggle\" id=\"toggle_6eb4b6d6fe2981bfb\"><a aria-expanded=\"false\" aria-controls=\"6eb4b6d6fe2981bfb\" role=\"button\" data-toggle=\"collapse\" data-parent=\"#accordion-409-1\" data-target=\"#6eb4b6d6fe2981bfb\" href=\"#6eb4b6d6fe2981bfb\"><span class=\"fusion-toggle-icon-wrapper\" aria-hidden=\"true\"><i class=\"fa-fusion-box active-icon awb-icon-minus\" aria-hidden=\"true\"><\/i><i class=\"fa-fusion-box inactive-icon awb-icon-plus\" aria-hidden=\"true\"><\/i><\/span><span class=\"fusion-toggle-heading\">\u00bfEn qu\u00e9 consiste?<\/span><\/a><\/h4><\/div><div id=\"6eb4b6d6fe2981bfb\" class=\"panel-collapse collapse \" aria-labelledby=\"toggle_6eb4b6d6fe2981bfb\"><div class=\"panel-body toggle-content fusion-clearfix\">\n<p class=\"p1\">En los adultos, los tumores<span class=\"Apple-converted-space\">\u00a0 <\/span>m\u00e1s frecuentes son las met\u00e1stasis (tumores originados en otros \u00f3rganos del cuerpo que viajan v\u00eda sangu\u00ednea<span class=\"Apple-converted-space\">\u00a0 <\/span>y se siembran en el cerebro) que implican c\u00e1ncer descontrolado y se denominan tumores secundarios.<span class=\"Apple-converted-space\">\u00a0 \u00a0<\/span><\/p>\n<p class=\"p1\">Los tumores originados en el sistema nervioso se denominan tumores primarios siendo el m\u00e1s frecuente, en los adultos,<span class=\"Apple-converted-space\">\u00a0 <\/span>un tumor<span class=\"Apple-converted-space\">\u00a0 <\/span>maligno (c\u00e1ncer) llamado glioblastoma multiforme. El segundo tumor en frecuencia en los adultos es el meningioma que se origina en las meninges<span class=\"Apple-converted-space\">\u00a0 <\/span>que envuelven al cerebro por lo tanto no lo invaden sino que lo desplazan y como es benigno el resultado del tratamiento suele ser muy bueno.<\/p>\n<p class=\"p1\">En los ni\u00f1os los tumores m\u00e1s frecuentes son primarios y<span class=\"Apple-converted-space\">\u00a0 <\/span>est\u00e1n ubicados en la parte posterior del enc\u00e9falo, denominado cerebelo y pueden ser benignos como el astrocitoma qu\u00edstico cerebeloso o malignos como los meduloblastomas.<\/p>\n<\/div><\/div><\/div><div class=\"fusion-panel panel-default panel-e719fc46ad47a0bdd fusion-toggle-has-divider\" style=\"--awb-title-color:var(--awb-color8);\"><div class=\"panel-heading\"><h4 class=\"panel-title toggle\" id=\"toggle_e719fc46ad47a0bdd\"><a aria-expanded=\"false\" aria-controls=\"e719fc46ad47a0bdd\" role=\"button\" data-toggle=\"collapse\" data-parent=\"#accordion-409-1\" data-target=\"#e719fc46ad47a0bdd\" href=\"#e719fc46ad47a0bdd\"><span class=\"fusion-toggle-icon-wrapper\" aria-hidden=\"true\"><i class=\"fa-fusion-box active-icon awb-icon-minus\" aria-hidden=\"true\"><\/i><i class=\"fa-fusion-box inactive-icon awb-icon-plus\" aria-hidden=\"true\"><\/i><\/span><span class=\"fusion-toggle-heading\">S\u00edntomas<\/span><\/a><\/h4><\/div><div id=\"e719fc46ad47a0bdd\" class=\"panel-collapse collapse \" aria-labelledby=\"toggle_e719fc46ad47a0bdd\"><div class=\"panel-body toggle-content fusion-clearfix\">\n<p class=\"p1\">Las manifestaciones cl\u00ednicas dependen b\u00e1sicamente de dos factores: si el tumor es maligno o benigno o del sitio de localizaci\u00f3n en el cerebro.<\/p>\n<p class=\"p1\">Los s\u00edntomas en los tumores malignos como las met\u00e1stasis y el glioblastoma multiforme suelen ser de instauraci\u00f3n y curso<span class=\"Apple-converted-space\">\u00a0 <\/span>r\u00e1pido, pues tienen crecimiento acelerado contrastando con el curso lento de los tumores benignos que puede que crezcan unos pocos mil\u00edmetros por a\u00f1o.<span class=\"Apple-converted-space\">\u00a0<\/span><\/p>\n<p class=\"p1\">Los tumores malignos primarios o secundarios se suelen manifestar por dolor de cabeza que aumenta en intensidad y en frecuencia en pocos d\u00edas o semanas hasta hacerse severo y permanente. Si el tumor es benigno puede que no se acompa\u00f1e de dolor de cabeza o \u00e9sta sea leve.<span class=\"Apple-converted-space\">\u00a0<\/span><\/p>\n<p class=\"p1\">El sito de localizaci\u00f3n del tumor es transcendental en los s\u00edntomas pues cada sitio del cerebro tiene una funci\u00f3n espec\u00edfica que puede verse afectada por el tumor. As\u00ed, a manera de ejemplo, los tumores de los ni\u00f1os, como con frecuencia est\u00e1n ubicados en el cerebelo, que es la parte del enc\u00e9falo encargada del equilibrio, pueden producir alteraci\u00f3n de la marcha la cual se hace cada vez m\u00e1s dif\u00edcil pues hay tendencia a caer hacia uno u otro lado. Adem\u00e1s, como el cerebelo est\u00e1 muy cerca de una cavidad llena de l\u00edquido llamada el cuarto ventr\u00edculo, el tumor puede hacer que el l\u00edquido no<span class=\"Apple-converted-space\">\u00a0 <\/span>circule y se acumule (hidrocefalia) produciendo gran presi\u00f3n al cerebelo lo que se acompa\u00f1a de dolor de cabeza severo y permanente.<span class=\"Apple-converted-space\">\u00a0<\/span><\/p>\n<p class=\"p1\">Si el tumor invade o comprime el \u00e1rea del cerebro encargada del lenguaje \u00e9ste se ver\u00e1 afectado, si se ubica en<span class=\"Apple-converted-space\">\u00a0 <\/span>la zona del cerebro que se encarga de la actividad motora se disminuir\u00e1 la fuerza del lado del cuerpo contrario al lado donde se encuentra el tumor. Si los afectados son los l\u00f3bulos frontales o temporales el paciente puede tener alteraci\u00f3n progresiva de la memoria, la atenci\u00f3n, tiene cambios de comportamiento y de su capacidad intelectual.<span class=\"Apple-converted-space\">\u00a0<\/span><\/p>\n<p class=\"p1\">Todo tumor cerebral tiene la potencialidad de producir convulsiones<span class=\"Apple-converted-space\">\u00a0 <\/span>y si<span class=\"Apple-converted-space\">\u00a0 <\/span>la masa es grande puede aumentar la presi\u00f3n dentro de la cavidad del cr\u00e1neo lo que produce dolor de cabeza, v\u00f3mito y depresi\u00f3n de conciencia hasta la muerte si no se realiza un tratamiento oportuno.<\/p>\n<\/div><\/div><\/div><div class=\"fusion-panel panel-default panel-d513f6cc06a916cc6 fusion-toggle-has-divider\" style=\"--awb-title-color:var(--awb-color8);\"><div class=\"panel-heading\"><h4 class=\"panel-title toggle\" id=\"toggle_d513f6cc06a916cc6\"><a aria-expanded=\"false\" aria-controls=\"d513f6cc06a916cc6\" role=\"button\" data-toggle=\"collapse\" data-parent=\"#accordion-409-1\" data-target=\"#d513f6cc06a916cc6\" href=\"#d513f6cc06a916cc6\"><span class=\"fusion-toggle-icon-wrapper\" aria-hidden=\"true\"><i class=\"fa-fusion-box active-icon awb-icon-minus\" aria-hidden=\"true\"><\/i><i class=\"fa-fusion-box inactive-icon awb-icon-plus\" aria-hidden=\"true\"><\/i><\/span><span class=\"fusion-toggle-heading\">Diagn\u00f3stico<\/span><\/a><\/h4><\/div><div id=\"d513f6cc06a916cc6\" class=\"panel-collapse collapse \" aria-labelledby=\"toggle_d513f6cc06a916cc6\"><div class=\"panel-body toggle-content fusion-clearfix\">\n<p class=\"p1\">El diagn\u00f3stico de la inmensa mayor\u00eda de los tumores se hace al interrogar y examinar al paciente, despu\u00e9s se realizan im\u00e1genes del cerebro con tomograf\u00eda axial computada (TAC) y resonancia magn\u00e9tica.<\/p>\n<\/div><\/div><\/div><\/div><\/div><\/div><\/div><\/div><\/div><div class=\"fusion-fullwidth fullwidth-box fusion-builder-row-2 fusion-flex-container nonhundred-percent-fullwidth non-hundred-percent-height-scrolling\" style=\"--awb-border-radius-top-left:0px;--awb-border-radius-top-right:0px;--awb-border-radius-bottom-right:0px;--awb-border-radius-bottom-left:0px;--awb-margin-bottom:45px;--awb-flex-wrap:wrap;\" ><div class=\"fusion-builder-row fusion-row fusion-flex-align-items-flex-start fusion-flex-content-wrap\" style=\"max-width:1248px;margin-left: calc(-4% \/ 2 );margin-right: calc(-4% \/ 2 );\"><div class=\"fusion-layout-column fusion_builder_column fusion-builder-column-1 fusion_builder_column_1_1 1_1 fusion-flex-column\" style=\"--awb-bg-size:cover;--awb-width-large:100%;--awb-margin-top-large:0px;--awb-spacing-right-large:0%;--awb-margin-bottom-large:65px;--awb-spacing-left-large:0%;--awb-width-medium:100%;--awb-order-medium:0;--awb-spacing-right-medium:0%;--awb-spacing-left-medium:0%;--awb-width-small:100%;--awb-order-small:0;--awb-spacing-right-small:1.92%;--awb-margin-bottom-small:50px;--awb-spacing-left-small:1.92%;\"><div class=\"fusion-column-wrapper fusion-column-has-shadow fusion-flex-justify-content-flex-start fusion-content-layout-column\"><div class=\"fusion-title title fusion-title-1 fusion-sep-none fusion-title-text fusion-title-size-four\"><h4 class=\"fusion-title-heading title-heading-left\" style=\"margin:0;\">Tratamientos<\/h4><\/div><div class=\"fusion-text fusion-text-2\"><p>El tratamiento es multidisciplinario en donde intervienen neur\u00f3logos, neurocirujanos, pat\u00f3logos, onc\u00f3logos, radioterapeutas y rehabilitadores. La mayor\u00eda de los pacientes con tumores cerebrales requieren cirug\u00eda con lo que se realiza el diagn\u00f3stico preciso del tipo de tumor y, en caso de tumores benignos, si la lesi\u00f3n se retira en su totalidad lograr curaci\u00f3n de la enfermedad. Si el tumor es maligno la cirug\u00eda contribuye al tratamiento que, generalmente, requiere de otras modalidades de tratamiento complementarias con quimioterapia y\/o radioterapia.<\/p>\n<\/div><div class=\"fusion-builder-row fusion-builder-row-inner fusion-row fusion-flex-align-items-flex-start fusion-flex-content-wrap\" style=\"width:104% !important;max-width:104% !important;margin-left: calc(-4% \/ 2 );margin-right: calc(-4% \/ 2 );\"><div class=\"fusion-layout-column fusion_builder_column_inner fusion-builder-nested-column-0 fusion_builder_column_inner_1_1 1_1 fusion-flex-column\" style=\"--awb-padding-top:20px;--awb-padding-right:30px;--awb-padding-left:30px;--awb-bg-color:var(--awb-color2);--awb-bg-color-hover:var(--awb-color2);--awb-bg-size:cover;--awb-width-large:100%;--awb-margin-top-large:0px;--awb-spacing-right-large:1.92%;--awb-margin-bottom-large:20px;--awb-spacing-left-large:1.92%;--awb-width-medium:100%;--awb-order-medium:0;--awb-spacing-right-medium:1.92%;--awb-spacing-left-medium:1.92%;--awb-width-small:100%;--awb-order-small:0;--awb-spacing-right-small:1.92%;--awb-spacing-left-small:1.92%;\"><div class=\"fusion-column-wrapper fusion-column-has-shadow fusion-flex-justify-content-flex-start fusion-content-layout-column\"><div class=\"fusion-image-carousel fusion-image-carousel-auto fusion-image-carousel-1 fusion-carousel-border\" style=\"margin-bottom:0px;\"><div class=\"awb-carousel awb-swiper awb-swiper-carousel awb-swiper-dots-position-bottom awb-carousel--carousel\" data-layout=\"carousel\" data-autoplay=\"no\" data-autoplayspeed=\"2500\" data-autoplaypause=\"no\" data-columns=\"2\" data-itemmargin=\"7\" data-itemwidth=\"180\" data-touchscroll=\"no\" data-freemode=\"no\" data-imagesize=\"auto\" data-scrollitems=\"0\" data-centeredslides=\"no\" data-rotationangle=\"50\" data-depth=\"100\" data-speed=\"500\" data-shadow=\"no\" style=\"--awb-columns:2;--awb-column-spacing:7px;--awb-border-width:1px;--awb-border-color:#e9eaee;\"><div class=\"swiper-wrapper awb-image-carousel-wrapper fusion-flex-align-items-center\"><div class=\"swiper-slide\"><div class=\"fusion-carousel-item-wrapper\"><div class=\"fusion-image-wrapper hover-type-none\"><img decoding=\"async\" width=\"986\" height=\"1299\" src=\"https:\/\/drhugobastos.com\/wp-content\/uploads\/2024\/10\/08_TumoresCerebrales01-e1730045632290.png\" class=\"attachment-full size-full\" alt=\"\" srcset=\"https:\/\/drhugobastos.com\/wp-content\/uploads\/2024\/10\/08_TumoresCerebrales01-e1730045632290-200x263.png 200w, https:\/\/drhugobastos.com\/wp-content\/uploads\/2024\/10\/08_TumoresCerebrales01-e1730045632290-400x527.png 400w, https:\/\/drhugobastos.com\/wp-content\/uploads\/2024\/10\/08_TumoresCerebrales01-e1730045632290-600x790.png 600w, https:\/\/drhugobastos.com\/wp-content\/uploads\/2024\/10\/08_TumoresCerebrales01-e1730045632290-800x1054.png 800w, https:\/\/drhugobastos.com\/wp-content\/uploads\/2024\/10\/08_TumoresCerebrales01-e1730045632290.png 986w\" sizes=\"(min-width: 2200px) 100vw, (min-width: 712px) 597px, (min-width: 640px) 712px, \" \/><\/div><\/div><\/div><div class=\"swiper-slide\"><div class=\"fusion-carousel-item-wrapper\"><div class=\"fusion-image-wrapper hover-type-none\"><img decoding=\"async\" width=\"987\" height=\"1300\" src=\"https:\/\/drhugobastos.com\/wp-content\/uploads\/2024\/10\/08_TumoresCerebrales02-e1730045702260.png\" class=\"attachment-full size-full\" alt=\"\" srcset=\"https:\/\/drhugobastos.com\/wp-content\/uploads\/2024\/10\/08_TumoresCerebrales02-e1730045702260-200x263.png 200w, https:\/\/drhugobastos.com\/wp-content\/uploads\/2024\/10\/08_TumoresCerebrales02-e1730045702260-400x527.png 400w, https:\/\/drhugobastos.com\/wp-content\/uploads\/2024\/10\/08_TumoresCerebrales02-e1730045702260-600x790.png 600w, https:\/\/drhugobastos.com\/wp-content\/uploads\/2024\/10\/08_TumoresCerebrales02-e1730045702260-800x1054.png 800w, https:\/\/drhugobastos.com\/wp-content\/uploads\/2024\/10\/08_TumoresCerebrales02-e1730045702260.png 987w\" sizes=\"(min-width: 2200px) 100vw, (min-width: 712px) 597px, (min-width: 640px) 712px, \" \/><\/div><\/div><\/div><\/div><div class=\"awb-swiper-button awb-swiper-button-prev\"><i class=\"awb-icon-angle-left\" aria-hidden=\"true\"><\/i><\/div><div class=\"awb-swiper-button awb-swiper-button-next\"><i class=\"awb-icon-angle-right\" aria-hidden=\"true\"><\/i><\/div><\/div><\/div><div class=\"fusion-image-carousel fusion-image-carousel-auto fusion-image-carousel-2 fusion-carousel-border\"><div class=\"awb-carousel awb-swiper awb-swiper-carousel awb-swiper-dots-position-bottom awb-carousel--carousel\" data-layout=\"carousel\" data-autoplay=\"no\" data-autoplayspeed=\"2500\" data-autoplaypause=\"no\" data-columns=\"2\" data-itemmargin=\"7\" data-itemwidth=\"180\" data-touchscroll=\"no\" data-freemode=\"no\" data-imagesize=\"auto\" data-scrollitems=\"0\" data-centeredslides=\"no\" data-rotationangle=\"50\" data-depth=\"100\" data-speed=\"500\" data-shadow=\"no\" style=\"--awb-columns:2;--awb-column-spacing:7px;--awb-border-width:1px;--awb-border-color:#e9eaee;\"><div class=\"swiper-wrapper awb-image-carousel-wrapper fusion-flex-align-items-center\"><div class=\"swiper-slide\"><div class=\"fusion-carousel-item-wrapper\"><div class=\"fusion-image-wrapper hover-type-none\"><img decoding=\"async\" width=\"1300\" height=\"1300\" src=\"https:\/\/drhugobastos.com\/wp-content\/uploads\/2024\/10\/08_TumoresCerebrales03.png\" class=\"attachment-full size-full\" alt=\"\" srcset=\"https:\/\/drhugobastos.com\/wp-content\/uploads\/2024\/10\/08_TumoresCerebrales03-200x200.png 200w, https:\/\/drhugobastos.com\/wp-content\/uploads\/2024\/10\/08_TumoresCerebrales03-400x400.png 400w, https:\/\/drhugobastos.com\/wp-content\/uploads\/2024\/10\/08_TumoresCerebrales03-600x600.png 600w, https:\/\/drhugobastos.com\/wp-content\/uploads\/2024\/10\/08_TumoresCerebrales03-800x800.png 800w, https:\/\/drhugobastos.com\/wp-content\/uploads\/2024\/10\/08_TumoresCerebrales03-1200x1200.png 1200w, https:\/\/drhugobastos.com\/wp-content\/uploads\/2024\/10\/08_TumoresCerebrales03.png 1300w\" sizes=\"(min-width: 2200px) 100vw, (min-width: 712px) 597px, (min-width: 640px) 712px, \" \/><\/div><\/div><\/div><div class=\"swiper-slide\"><div class=\"fusion-carousel-item-wrapper\"><div class=\"fusion-image-wrapper hover-type-none\"><img decoding=\"async\" width=\"1300\" height=\"1300\" src=\"https:\/\/drhugobastos.com\/wp-content\/uploads\/2024\/10\/08_TumoresCerebrales04.png\" class=\"attachment-full size-full\" alt=\"\" srcset=\"https:\/\/drhugobastos.com\/wp-content\/uploads\/2024\/10\/08_TumoresCerebrales04-200x200.png 200w, https:\/\/drhugobastos.com\/wp-content\/uploads\/2024\/10\/08_TumoresCerebrales04-400x400.png 400w, https:\/\/drhugobastos.com\/wp-content\/uploads\/2024\/10\/08_TumoresCerebrales04-600x600.png 600w, https:\/\/drhugobastos.com\/wp-content\/uploads\/2024\/10\/08_TumoresCerebrales04-800x800.png 800w, https:\/\/drhugobastos.com\/wp-content\/uploads\/2024\/10\/08_TumoresCerebrales04-1200x1200.png 1200w, https:\/\/drhugobastos.com\/wp-content\/uploads\/2024\/10\/08_TumoresCerebrales04.png 1300w\" sizes=\"(min-width: 2200px) 100vw, (min-width: 712px) 597px, (min-width: 640px) 712px, \" \/><\/div><\/div><\/div><\/div><div class=\"awb-swiper-button awb-swiper-button-prev\"><i class=\"awb-icon-angle-left\" aria-hidden=\"true\"><\/i><\/div><div class=\"awb-swiper-button awb-swiper-button-next\"><i class=\"awb-icon-angle-right\" aria-hidden=\"true\"><\/i><\/div><\/div><\/div><div class=\"fusion-text fusion-text-3 fusion-text-no-margin\" style=\"--awb-font-size:15px;--awb-margin-top:-20px;--awb-margin-bottom:30px;\"><p class=\"p1\"><i>Resonancia cerebral en donde se observa, arriba<span class=\"Apple-converted-space\">\u00a0 <\/span>izquierda y derecha tumor en \u00e1rea fronto temporo parietal izquierda. Abajo, izquierda y derecha, control de resonancia cerebral despu\u00e9s de cirug\u00eda en donde se observa extracci\u00f3n total del tumor. La patolog\u00eda confirm\u00f3 glioblastoma multiforme lo que hizo necesario tratamiento complementario con quioterapia y radioterapia .<\/i><\/p>\n<\/div><\/div><\/div><\/div><\/div><\/div><\/div><\/div><\/p>\n","protected":false},"excerpt":{"rendered":"","protected":false},"author":1,"featured_media":415,"comment_status":"open","ping_status":"closed","sticky":false,"template":"","format":"standard","meta":{"footnotes":""},"categories":[27],"tags":[],"class_list":["post-409","post","type-post","status-publish","format-standard","has-post-thumbnail","hentry","category-tumores-cerebrales"],"_links":{"self":[{"href":"https:\/\/drhugobastos.com\/index.php\/wp-json\/wp\/v2\/posts\/409","targetHints":{"allow":["GET"]}}],"collection":[{"href":"https:\/\/drhugobastos.com\/index.php\/wp-json\/wp\/v2\/posts"}],"about":[{"href":"https:\/\/drhugobastos.com\/index.php\/wp-json\/wp\/v2\/types\/post"}],"author":[{"embeddable":true,"href":"https:\/\/drhugobastos.com\/index.php\/wp-json\/wp\/v2\/users\/1"}],"replies":[{"embeddable":true,"href":"https:\/\/drhugobastos.com\/index.php\/wp-json\/wp\/v2\/comments?post=409"}],"version-history":[{"count":6,"href":"https:\/\/drhugobastos.com\/index.php\/wp-json\/wp\/v2\/posts\/409\/revisions"}],"predecessor-version":[{"id":421,"href":"https:\/\/drhugobastos.com\/index.php\/wp-json\/wp\/v2\/posts\/409\/revisions\/421"}],"wp:featuredmedia":[{"embeddable":true,"href":"https:\/\/drhugobastos.com\/index.php\/wp-json\/wp\/v2\/media\/415"}],"wp:attachment":[{"href":"https:\/\/drhugobastos.com\/index.php\/wp-json\/wp\/v2\/media?parent=409"}],"wp:term":[{"taxonomy":"category","embeddable":true,"href":"https:\/\/drhugobastos.com\/index.php\/wp-json\/wp\/v2\/categories?post=409"},{"taxonomy":"post_tag","embeddable":true,"href":"https:\/\/drhugobastos.com\/index.php\/wp-json\/wp\/v2\/tags?post=409"}],"curies":[{"name":"wp","href":"https:\/\/api.w.org\/{rel}","templated":true}]}}